{"id":774,"date":"2017-06-20T17:02:04","date_gmt":"2017-06-20T15:02:04","guid":{"rendered":"http:\/\/www.dejmezenamsanci.cz\/?p=774"},"modified":"2017-08-18T11:30:42","modified_gmt":"2017-08-18T09:30:42","slug":"spoluprace-je-beh-na-dlouhou-trat","status":"publish","type":"post","link":"https:\/\/www.dejmezenamsanci.cz\/en\/spoluprace-je-beh-na-dlouhou-trat\/","title":{"rendered":"Spolupr\u00e1ce je b\u011bh na dlouhou tra\u0165"},"content":{"rendered":"<p class=\"qtranxs-available-languages-message qtranxs-available-languages-message-en\">Sorry, this entry is only available in <a href=\"https:\/\/www.dejmezenamsanci.cz\/cs\/wp-json\/wp\/v2\/posts\/774\" class=\"qtranxs-available-language-link qtranxs-available-language-link-cs\" title=\"CZ\">CZ<\/a>.<\/p><p><em>Aneb co jsem si p\u0159ivezla ze \u0161edes\u00e1t\u00e9ho zased\u00e1n\u00ed Commission on the Status of Women v s\u00eddle OSN v New Yorku.<\/em><\/p>\n<h3>Spolupr\u00e1ce je b\u011bh na dlouhou tra\u0165<\/h3>\n<p>Kooperace, spolupr\u00e1ce, spole\u010dn\u00e1 iniciativa. Tak by se dalo shrnout nej\u010dast\u011bj\u0161\u00ed sd\u011blen\u00ed, kter\u00e9 jsem si odvezla ze sv\u00e9 premi\u00e9rov\u00e9 \u00fa\u010dasti na zased\u00e1n\u00ed komise OSN pro postaven\u00ed \u017een. Zku\u0161en\u00e9 matadorky t\u00e9to ka\u017edoro\u010dn\u00ed b\u0159eznov\u00e9 akce mne p\u0159edem varovaly, \u017ee nejprve je nutn\u00e9 se zorientovat v programu mnoha soub\u011b\u017en\u00fdch prezentac\u00ed, tzv. side-event\u016f, kter\u00e9 po\u0159\u00e1daj\u00ed jednotliv\u00e9 zem\u011b \u010di uskupen\u00ed n\u011bkolika zem\u00ed a organizac\u00ed. Stala jsem se tak na t\u00fdden \u00fa\u010dastnic\u00ed orienta\u010dn\u00edho b\u011bhu po chodb\u00e1ch OSN, kter\u00e1 mus\u00ed dob\u0159e zvolit trasu a m\u00edsto sv\u00e9ho dal\u0161\u00edho stanovi\u0161t\u011b, a pokud u\u017e tam dob\u011bhlo p\u0159\u00edli\u0161 b\u011b\u017ec\u016f a b\u011b\u017eky\u0148 p\u0159ede mnou, vydat se s lahv\u00ed vody v ruce k jin\u00e9mu c\u00edli. To v\u0161e bez jak\u00fdchkoliv mapov\u00fdch zna\u010dek \u010di buzoly, kter\u00e9 by se zejm\u00e9na na za\u010d\u00e1tku p\u0159i hled\u00e1n\u00ed jednotliv\u00fdch konferen\u010dn\u00edch m\u00edstnost\u00ed (ozna\u010den\u00fdch p\u00edsmeny, \u010d\u00edsly \u010di jm\u00e9ny a \u0159azen\u00fdch dle m\u00e9ho zcela nelogicky) dost hodily. Kdy\u017e jsem s modrou visa\u010dkou na krku usedla v hlavn\u00edm s\u00e1le a za\u010dal projev Antonia de Aguiar Patriota (p\u0159edsedaj\u00edc\u00edho \u0161edes\u00e1t\u00e9mu zased\u00e1n\u00ed komise), podlehla jsem p\u0159ece jen d\u016fle\u017eitosti okam\u017eiku a poc\u00edtila d\u011btinskou radost, \u017ee \u201ejsem v OSN\u201d.<\/p>\n<p>Ale zp\u00e1tky k tomu, co mne zaujalo. Hlavn\u00edm t\u00e9matem zased\u00e1n\u00ed bylo, jak pos\u00edlit postaven\u00ed \u017een (genderovou rovnost) i s ohledem na stanoven\u00e9 c\u00edle udr\u017eiteln\u00e9ho rozvoje. Nap\u0159\u00edklad skrze vyu\u017e\u00edv\u00e1n\u00ed ICT, kter\u00e9 \u017eeny podle pr\u016fzkumu Web Foundation vyu\u017e\u00edvaj\u00ed st\u00e1le o 50 % m\u00e9n\u011b ne\u017e mu\u017ei, a to kv\u016fli nedostate\u010dn\u00e9 sebed\u016fv\u011b\u0159e, nerelevantn\u00edmu obsahu, nedostatku \u010dasu \u010di nekvalitn\u00edmu p\u0159ipojen\u00ed. \u0158e\u0161en\u00edm je dle Ingvild Brudvig (Web Foundation) zam\u011b\u0159it obsah tak, aby byl pro \u017eeny relevantn\u011bj\u0161\u00ed, v\u00edce odpov\u00eddal jejich pot\u0159eb\u00e1m a tak\u00e9 aby ho samy \u017eeny vytv\u00e1\u0159ely. Z\u00e1rove\u0148 je nutn\u00e9 pos\u00edlit digit\u00e1ln\u00ed gramotnost ji\u017e na \u0161kol\u00e1ch a samoz\u0159ejm\u011b m\u00edt dostupn\u00fd internet. Integrovat genderovou perspektivu na n\u00e1rodn\u00ed \u00farovni je c\u00edlem rumunsk\u00e9ho projektu START- A quality life in safety, d\u00edky kter\u00e9mu v Rumunsku vznikla ofici\u00e1ln\u00ed funkce genderov\u00e9\/ho expertky\/ta. To by mohla b\u00fdt zaj\u00edmav\u00e1 inspirace pro pr\u00e1v\u011b vznikaj\u00edc\u00ed \u010deskou Genderovou expertn\u00ed komoru. (Mimochodem, rumunsk\u00fd prezident se jako jedin\u00fd z v\u00fdchodn\u00ed Evropy p\u0159ihl\u00e1sil ke kampani HeForShe).<\/p>\n<p>Nem\u00e9n\u011b inspirativn\u00ed je pro \u010deskou spole\u010dnost t\u00e9ma kv\u00f3t, a\u0165 u\u017e pro vstup \u017een do parlamentu nebo do veden\u00ed velk\u00fdch (a nejen) st\u00e1tn\u00edch firem. V\u00fdhody r\u016fznorod\u00e9ho t\u00fdmu u\u017e jsou zejm\u00e9na firmy schopny p\u0159ipustit (ostatn\u011b, pokud by tak ne\u010dinily, u\u017e budou v dob\u011b \u201cs\u00edes\u00e1r\u201d dost out). Ale kv\u00f3ty jsou po\u0159\u00e1d \u010derven\u00fdm hadrem, neziskovk\u00e1m se z\u0159ejm\u011b st\u00e1le neda\u0159\u00ed dostate\u010dn\u011b srozumiteln\u011b vysv\u011btlit jejich v\u00fdznam. A p\u0159itom n\u011bmeck\u00e1 politi\u010dka Elke Ferner v panelu po\u0159\u00e1dan\u00e9m n\u011bmeckou delegac\u00ed a organizac\u00ed Women in Parliament bez ostychu vypr\u00e1v\u00ed, \u017ee se do parlamentu dostala v roce 1990 d\u00edky kv\u00f3t\u00e1m na stranick\u00fdch kandid\u00e1tk\u00e1ch, a b\u00fdval\u00e1 premi\u00e9rka Nov\u00e9ho Z\u00e9landu Helen Clark \u0159\u00edk\u00e1 zcela jasn\u011b, \u017ee \u017eeny se mus\u00ed sna\u017eit a pom\u00e1hat si navz\u00e1jem \u201eprorazit dve\u0159e\u201d, proto\u017ee jim je nikdo neotev\u00edr\u00e1. Argument je prost\u00fd \u2013 \u017eeny p\u0159in\u00e1\u0161ej\u00ed do politiky nov\u00e1 t\u00e9mata \u2013 mate\u0159stv\u00ed, zdrav\u00ed, pay-gap. Liel Even-Zohar z izraelsk\u00e9 organizace WePower u\u017e naprosto odm\u00edt\u00e1, aby \u017eeny s pocitem viny kdesi v zadn\u00edch \u0159ad\u00e1ch jednac\u00edch s\u00e1l\u016f \u0161pitaly, \u017ee mohou tak\u00e9 p\u0159ilo\u017eit ruku k d\u00edlu, ale nab\u00e1d\u00e1, aby u\u017e \u0159ekly zcela nezpochybniteln\u00e9 \u201eWe lead\u201d. Je t\u00edm samoz\u0159ejm\u011b my\u0161leno, \u017ee \u017eeny jsou ty, kter\u00e9 dok\u00e1\u017eou (tak\u00e9) v\u00e9st, vl\u00e1dnout, ud\u00e1vat t\u00f3n v politice. Up\u0159\u00edmn\u011b trochu v\u00e1h\u00e1m, jak co nejl\u00e9pe p\u0159elo\u017eit slogan We lead, proto\u017ee v\u00fdraz \u201evl\u00e1dnout\u201d mi v tomto kontextu p\u0159ece jen p\u0159ijde p\u0159\u00edli\u0161 omezuj\u00edc\u00ed, slovo \u201el\u00eddryn\u011b\u201d se u mne je\u0161t\u011b nezabydlelo a \u010desk\u00e1 \u201evedouc\u00ed\u201d n\u00e1s cht\u011b necht\u011b automaticky sm\u011b\u0159uje do obchodu s potravinami. Ale a\u0165 je to t\u0159eba l\u00eddryn\u011b, nejde toti\u017e o pojmenov\u00e1n\u00ed, ale o smysl toho sloganu.<\/p>\n<p>K ohl\u00e9dnut\u00ed (k jak\u00e9si revizi po letech) bylo na komisi vybr\u00e1no t\u00e9ma, v n\u011bm\u017e u\u017e situace za\u010d\u00edn\u00e1 b\u00fdt naopak neudr\u017eiteln\u00e1, proto\u017ee je podle sou\u010dasn\u00fdch v\u00fdzkum\u016f aktu\u00e1ln\u00ed pro celou t\u0159etinu \u017een \u2013 sni\u017eov\u00e1n\u00ed a prevence dom\u00e1c\u00edho a genderov\u011b podm\u00edn\u011bn\u00e9ho n\u00e1sil\u00ed.<\/p>\n<p>\u201eNejhor\u0161\u00ed je ml\u010den\u00ed autorit \u2013 u\u010ditel\u016f, kn\u011bze, doktora \u010di policie\u2026,\u201d celkem v\u00fdsti\u017en\u011b shrnuje \u0161v\u00fdcarsk\u00e1 ministryn\u011b situaci v dob\u011b p\u0159ed 30 lety, kterou se obecn\u011b sna\u017e\u00ed \u0159ada st\u00e1t\u016f v\u00edce \u010di m\u00e9n\u011b \u00fasp\u011b\u0161n\u011b (nebo sp\u00ed\u0161e v\u00edce \u010di m\u00e9n\u011b aktivn\u011b) zm\u011bnit. Ka\u017ed\u00fd tak trochu po sv\u00e9m. A\u017e na prvn\u00edm m\u00edst\u011b jsou finance a z hlediska \u010desk\u00e9ho tak zat\u00edm nezb\u00fdv\u00e1 ne\u017e jen z\u00e1vid\u011bt prohl\u00e1\u0161en\u00ed z\u00e1stupc\u016f seversk\u00fdch zem\u00ed, kte\u0159\u00ed pova\u017euj\u00ed financov\u00e1n\u00ed nevl\u00e1dn\u00edch organizac\u00ed pracuj\u00edc\u00edch nejen v t\u00e9to oblasti za kl\u00ed\u010dov\u00e9 (a proto je opravdu financuj\u00ed). \u017de je prevence levn\u011bj\u0161\u00ed ne\u017e \u0159e\u0161en\u00ed n\u00e1sledk\u016f dom\u00e1c\u00edho n\u00e1sil\u00ed (island\u0161t\u00ed z\u00e1stupci to vy\u010d\u00edslili pom\u011brem 1 dolar na prevenci v\u016f\u010di 7 dolar\u016fm na n\u00e1sledky), je mnohokr\u00e1t opakovan\u00fd argument, kter\u00fd evidentn\u011b st\u00e1le nen\u00ed dostate\u010dn\u011b sly\u0161et na t\u011bch spr\u00e1vn\u00fdch (tedy rozum\u011bj relevantn\u00edch) m\u00edstech.<\/p>\n<p>Naprosto uk\u00e1zkov\u011b na mne zap\u016fsobila prezentace m\u011bstsk\u00e9 policie Reykjav\u00edku. Sna\u017e\u00ed se o nastaven\u00ed nov\u00fdch pravidel pro policii p\u0159i \u0159e\u0161en\u00ed p\u0159\u00edpad\u016f dom\u00e1c\u00edho n\u00e1sil\u00ed a zm\u011bnu pracovn\u00edch metod a postoj\u016f. C\u00edlem je zkvalitnit prvotn\u00ed reakci policie a n\u00e1sledn\u00e9 vy\u0161et\u0159ov\u00e1n\u00ed dom\u00e1c\u00edho n\u00e1sil\u00ed a tak\u00e9 zlep\u0161it podporu ob\u011btem i agresor\u016fm \u2013 a to v\u0161e v r\u00e1mci multidisciplin\u00e1rn\u00edho projektu. Jak toti\u017e poznamenala ministryn\u011b soci\u00e1ln\u00edch v\u011bc\u00ed a bydlen\u00ed Islandu Eygl\u00f3 Har\u00f0ard\u00f3ttir: \u201e&#8230;nutn\u00e1 je spolupr\u00e1ce v\u0161ech instituc\u00ed, nen\u00ed to zodpov\u011bdnost ob\u011bt\u00ed, ani neziskov\u00fdch organizac\u00ed\u2026\u201d Od roku 2013 kontaktuje reykjav\u00edksk\u00e1 policie pracovn\u00edky soci\u00e1ln\u00edch slu\u017eeb ihned, jakmile vyhodnot\u00ed p\u0159ijat\u00fd hovor na linku jako p\u0159\u00edpad dom\u00e1c\u00edho n\u00e1sil\u00ed, proto\u017ee se m\u00e1 zkr\u00e1tka za to, \u017ee soci\u00e1ln\u00ed pracovn\u00edci maj\u00ed v\u011bt\u0161\u00ed potenci\u00e1l pro pr\u00e1ci s ob\u011bt\u00ed, podporu ob\u011bt\u00ed i z\u00fa\u010dastn\u011bn\u00fdch d\u011bt\u00ed a mohou sehr\u00e1t l\u00e9pe roli nez\u00e1visl\u00e9ho sv\u011bdka. A to v\u0161e je podpo\u0159eno grass rootovou kampan\u00ed pro n\u00e1ctilet\u00e9, ve kter\u00e9 nez\u00e1visl\u00e1 aktivistika \u00de\u00f3rd\u00eds Elva \u00deorvaldsd\u00f3ttir zav\u00e1d\u00ed na Facebooku nov\u00fd emotikon vyjad\u0159uj\u00edc\u00ed, \u017ee u\u017e nen\u00ed mo\u017en\u00e9 d\u00e1le ml\u010det (nech\u00e1vat si u\u017e jen pro sebe to, co se d\u011bje za zav\u0159en\u00fdmi dve\u0159mi a prost\u011b nen\u00ed sou\u010d\u00e1st\u00ed zdrav\u00e9ho vztahu). Multidisciplin\u00e1rn\u00ed spolupr\u00e1ce je tak mottem cel\u00e9 prezentace. (Bylo by zaj\u00edmav\u00e9 porovnat, zda a v \u010dem se li\u0161\u00ed od t\u00e9 \u201ena\u0161\u00ed\u201d, brn\u011bnsk\u00e9.)<\/p>\n<p>N\u011bkter\u00e1 stanovi\u0161t\u011b byla sp\u00ed\u0161e jen orienta\u010dn\u00edm bodem na cel\u00e9 trase, \u0159ada prezentac\u00ed byla zbyte\u010dn\u011b povrchn\u00ed, a proto nudn\u00e1, co\u017e je pravd\u011bpodobn\u011b \u00fad\u011bl v\u011bt\u0161iny zvl\u00e1\u0161t\u011b mezin\u00e1rodn\u00edch konferenc\u00ed, kde m\u00e1te jen omezen\u00fd \u010das a je\u0161t\u011b o n\u011bj bojujete s p\u011bti dal\u0161\u00edmi \u0159e\u010dn\u00edky. Ale na\u0161ly se i p\u0159\u00edjemn\u011b nab\u00edjej\u00edc\u00ed ob\u010derstvovac\u00ed stanice. A m\u011b moc pot\u011b\u0161ilo, \u017ee se mezi n\u011b d\u016fstojn\u011b za\u0159adily i dv\u011b \u010desk\u00e9 prezentace, kter\u00e9 po\u0159\u00e1dal a ve spolupr\u00e1ci se z\u00e1stupci neziskovek p\u0159ipravil \u00da\u0159ad vl\u00e1dy \u010cR a o kter\u00e9 byl velk\u00fd z\u00e1jem. Ob\u011b akce byly toti\u017e dostate\u010dn\u011b konkr\u00e9tn\u00ed a vhodn\u011b podpo\u0159en\u00e9 prezentac\u00ed jasn\u00fdch v\u00fdstup\u016f neziskov\u00fdch projekt\u016f (Nesehnut\u00ed, Spondea, norsk\u00e1 Alternativ Til Volt). Skoro jsem podlehla pocitu idylick\u00e9 spolupr\u00e1ce st\u00e1tn\u00ed spr\u00e1vy a neziskov\u00e9ho sektoru. Ted u\u017e jen nastavit a prosadit stabiln\u00ed syst\u00e9m financov\u00e1n\u00ed neziskov\u00fdch organizac\u00ed a z pocitu se stane skute\u010dnost.<\/p>\n<p>V z\u00e1v\u011bru t\u00fddne jsem si mohla pro sebe konstatovat, \u017ee jsem p\u0159es v\u0161echny ty p\u0159ek\u00e1\u017eky typu nelogick\u00e9 \u010d\u00edslov\u00e1n\u00ed konferen\u010dn\u00edch m\u00edstnost\u00ed, soub\u011bh n\u011bkolika zaj\u00edmav\u00fdch, p\u0159\u00edp. nudn\u00fdch akc\u00ed \u010di zah\u00e1jen\u00ed akce a\u017e ve ve\u010dern\u00edch hodin\u00e1ch, stihla i \u0159adu v\u00fdborn\u00fdch prezentac\u00ed, kter\u00e9 splnily sv\u016fj \u00fa\u010del &#8211; zaujaly, inspirovaly a zanechaly prostor pro dal\u0161\u00ed p\u0159em\u00fd\u0161len\u00ed nad jejich obsahem. A \u017ee je t\u0159eba v\u017edy nejd\u0159\u00edve p\u0159em\u00fd\u0161let, s k\u00fdm a pro\u010d se spojit, s k\u00fdm spolupracovat, aby m\u011blo moje \u00fasil\u00ed co nejv\u011bt\u0161\u00ed dopad a prosp\u011bch. Proto\u017ee nem\u00e1 smysl dostat se do c\u00edle s\u00e1m, bez p\u0159isp\u011bn\u00ed ostatn\u00edch, ale taky bez pov\u0161imnut\u00ed.<\/p>","protected":false},"excerpt":{"rendered":"<p>Sorry, this entry is only available in CZ.Aneb co jsem si p\u0159ivezla ze \u0161edes\u00e1t\u00e9ho zased\u00e1n\u00ed Commission on the Status of Women v s\u00eddle OSN v New Yorku. Spolupr\u00e1ce je b\u011bh na dlouhou tra\u0165 Kooperace, spolupr\u00e1ce, spole\u010dn\u00e1 iniciativa. Tak by se dalo shrnout nej\u010dast\u011bj\u0161\u00ed sd\u011blen\u00ed, kter\u00e9 jsem si odvezla ze sv\u00e9 premi\u00e9rov\u00e9 \u00fa\u010dasti na zased\u00e1n\u00ed komise [&hellip;]<\/p>\n","protected":false},"author":4,"featured_media":2148,"comment_status":"open","ping_status":"open","sticky":false,"template":"","format":"standard","meta":{"om_disable_all_campaigns":false,"footnotes":""},"categories":[1],"tags":[],"class_list":["post-774","post","type-post","status-publish","format-standard","has-post-thumbnail","hentry","category-nezarazene"],"acf":[],"_links":{"self":[{"href":"https:\/\/www.dejmezenamsanci.cz\/en\/wp-json\/wp\/v2\/posts\/774","targetHints":{"allow":["GET"]}}],"collection":[{"href":"https:\/\/www.dejmezenamsanci.cz\/en\/wp-json\/wp\/v2\/posts"}],"about":[{"href":"https:\/\/www.dejmezenamsanci.cz\/en\/wp-json\/wp\/v2\/types\/post"}],"author":[{"embeddable":true,"href":"https:\/\/www.dejmezenamsanci.cz\/en\/wp-json\/wp\/v2\/users\/4"}],"replies":[{"embeddable":true,"href":"https:\/\/www.dejmezenamsanci.cz\/en\/wp-json\/wp\/v2\/comments?post=774"}],"version-history":[{"count":2,"href":"https:\/\/www.dejmezenamsanci.cz\/en\/wp-json\/wp\/v2\/posts\/774\/revisions"}],"predecessor-version":[{"id":776,"href":"https:\/\/www.dejmezenamsanci.cz\/en\/wp-json\/wp\/v2\/posts\/774\/revisions\/776"}],"wp:featuredmedia":[{"embeddable":true,"href":"https:\/\/www.dejmezenamsanci.cz\/en\/wp-json\/wp\/v2\/media\/2148"}],"wp:attachment":[{"href":"https:\/\/www.dejmezenamsanci.cz\/en\/wp-json\/wp\/v2\/media?parent=774"}],"wp:term":[{"taxonomy":"category","embeddable":true,"href":"https:\/\/www.dejmezenamsanci.cz\/en\/wp-json\/wp\/v2\/categories?post=774"},{"taxonomy":"post_tag","embeddable":true,"href":"https:\/\/www.dejmezenamsanci.cz\/en\/wp-json\/wp\/v2\/tags?post=774"}],"curies":[{"name":"wp","href":"https:\/\/api.w.org\/{rel}","templated":true}]}}